{"id":1050,"date":"2023-10-17T13:07:07","date_gmt":"2023-10-17T11:07:07","guid":{"rendered":"https:\/\/delmenhorst.gewweserems.de\/?p=1050"},"modified":"2023-10-17T13:10:04","modified_gmt":"2023-10-17T11:10:04","slug":"personalraeteschulungen-der-fachgruppen-gymnasium-und-gesamtschule","status":"publish","type":"post","link":"https:\/\/delmenhorst.gewweserems.de\/?p=1050","title":{"rendered":"Personalr\u00e4teschulungen der Fachgruppen Gymnasium und Gesamtschule"},"content":{"rendered":"\n<p>Liebe Kolleginnen, liebe Kollegen,<\/p>\n\n\n\n<p>hiermit laden wir Sie\/euch herzlich zu unserer diesj\u00e4hrigen Personalr\u00e4teschulung ein.<\/p>\n\n\n\n<p>Referentinnen und Referent sind Sabine Nolte (SBPR OS), Anja Me\u00dfmann (SBPR OS) und Martin<\/p>\n\n\n\n<p>Baurmann (SBPR OS).<\/p>\n\n\n\n<p><strong>Wir bieten folgenden Termine an:<\/strong><\/p>\n\n\n\n<p><strong>Dienstag, 14.11.2023 von 9:00 Uhr bis ca. 16 Uhr<\/strong><\/p>\n\n\n\n<p><em>(Seminarhotel Aurich \u25aa Gr\u00fcner Weg 2 \u25aa 26605 <\/em><strong><em>Aurich<\/em><\/strong><em>) <\/em>\u2192<em> Anmeldung bis zum 1.11.<\/em><\/p>\n\n\n\n<p><strong>Donnerstag, 16.11.2023 von 9:00 Uhr bis ca. 16 Uhr<\/strong><\/p>\n\n\n\n<p><em>(Select Hotel \u25aa Blumenhaller Weg 152 \u25aa 49078 <\/em><strong><em>Osnabr\u00fcck<\/em><\/strong><em>)<\/em>\u2192<em> Anmeldung bis zum 2.11.<\/em><\/p>\n\n\n\n<p><strong>Donnerstag, 30.11.2023 von 9:00 Uhr bis ca. 16 Uhr<\/strong><\/p>\n\n\n\n<p><em>(Jugendherberge Oldenburg \u25aa Stra\u00dfburger Stra\u00dfe 6 \u25aa 26123 <\/em><strong><em>Oldenburg<\/em><\/strong><em>) <\/em>\u2192<em> Anmeldung bis 16.11.<\/em><\/p>\n\n\n\n<p><strong>Anmeldungen <\/strong>(mit Namen, Schulungstermin, Schule, Kontaktdaten und ggf. Mitgliedschaft)<\/p>\n\n\n\n<p><strong>bitte an:<\/strong><\/p>\n\n\n\n<p><strong>anja.messmann@gewweserems.de<\/strong><\/p>\n\n\n\n<p><strong>Vorl\u00e4ufige Tagesordnung:<\/strong><\/p>\n\n\n\n<p>\u27a2 Aktuelles aus dem Schulalltag (Fragen und Berichte)<\/p>\n\n\n\n<p>\u27a2 Neue Erlasse und Verordnungen<\/p>\n\n\n\n<p>\u27a2 Rund um die Familie (Teilzeit, Sonderurlaub, Familienpflegezeiten)<\/p>\n\n\n\n<p>\u27a2 Zusammenarbeit Schulleitung und Personalrat<\/p>\n\n\n\n<p>\u27a2 Personalratswahlen<\/p>\n\n\n\n<p>\u27a2 Verschiedenes<\/p>\n\n\n\n<p><strong>Bei der Auswahl der Teilnehmerinnen und Teilnehmer (max. 25) gelten folgende Kriterien:<\/strong><\/p>\n\n\n\n<p>Die Schulung ist durch das RLSB genehmigt. Eine Kosten\u00fcbernahme gem\u00e4\u00df \u00a737 wurde beim RLSB<\/p>\n\n\n\n<p>nicht beantragt. Im Gegenzug erfolgt keine Anrechnung der Beurlaubungstage auf den<\/p>\n\n\n\n<p>Grundschulungsbedarf von insgesamt 5 Tagen. Die Freistellung gem\u00e4\u00df \u00a740 NPersVG beantragen Sie<\/p>\n\n\n\n<p>bei Ihrer Schulleitung<\/p>\n\n\n\n<p>Mit kollegialen Gr\u00fc\u00dfen<\/p>\n\n\n\n<p>Sabine Nolte, Anja Me\u00dfmann und Martin Baurmann<\/p>\n\n\n\n<p><a href=\"https:\/\/delmenhorst.gewweserems.de\/wp-content\/uploads\/2023\/10\/Einladung-Herbstschulung-2023.pdf\" data-type=\"link\" data-id=\"https:\/\/delmenhorst.gewweserems.de\/wp-content\/uploads\/2023\/10\/Einladung-Herbstschulung-2023.pdf\">Hier<\/a> ist die ausf\u00fchrliche Einladung zu finden!<\/p>\n","protected":false},"excerpt":{"rendered":"<div class=\"mh-excerpt\"><p>Liebe Kolleginnen, liebe Kollegen, hiermit laden wir Sie\/euch herzlich zu unserer diesj\u00e4hrigen Personalr\u00e4teschulung ein. Referentinnen und Referent sind Sabine Nolte (SBPR OS), Anja Me\u00dfmann (SBPR OS) und Martin Baurmann (SBPR OS). Wir bieten folgenden Termine <a class=\"mh-excerpt-more\" href=\"https:\/\/delmenhorst.gewweserems.de\/?p=1050\" title=\"Personalr\u00e4teschulungen der Fachgruppen Gymnasium und Gesamtschule\">[&#8230;]<\/a><\/p>\n<\/div>","protected":false},"author":5,"featured_media":978,"comment_status":"closed","ping_status":"open","sticky":false,"template":"","format":"standard","meta":{"footnotes":""},"categories":[3],"tags":[],"class_list":{"0":"post-1050","1":"post","2":"type-post","3":"status-publish","4":"format-standard","5":"has-post-thumbnail","7":"category-aktuelles"},"_links":{"self":[{"href":"https:\/\/delmenhorst.gewweserems.de\/index.php?rest_route=\/wp\/v2\/posts\/1050","targetHints":{"allow":["GET"]}}],"collection":[{"href":"https:\/\/delmenhorst.gewweserems.de\/index.php?rest_route=\/wp\/v2\/posts"}],"about":[{"href":"https:\/\/delmenhorst.gewweserems.de\/index.php?rest_route=\/wp\/v2\/types\/post"}],"author":[{"embeddable":true,"href":"https:\/\/delmenhorst.gewweserems.de\/index.php?rest_route=\/wp\/v2\/users\/5"}],"replies":[{"embeddable":true,"href":"https:\/\/delmenhorst.gewweserems.de\/index.php?rest_route=%2Fwp%2Fv2%2Fcomments&post=1050"}],"version-history":[{"count":2,"href":"https:\/\/delmenhorst.gewweserems.de\/index.php?rest_route=\/wp\/v2\/posts\/1050\/revisions"}],"predecessor-version":[{"id":1055,"href":"https:\/\/delmenhorst.gewweserems.de\/index.php?rest_route=\/wp\/v2\/posts\/1050\/revisions\/1055"}],"wp:featuredmedia":[{"embeddable":true,"href":"https:\/\/delmenhorst.gewweserems.de\/index.php?rest_route=\/wp\/v2\/media\/978"}],"wp:attachment":[{"href":"https:\/\/delmenhorst.gewweserems.de\/index.php?rest_route=%2Fwp%2Fv2%2Fmedia&parent=1050"}],"wp:term":[{"taxonomy":"category","embeddable":true,"href":"https:\/\/delmenhorst.gewweserems.de\/index.php?rest_route=%2Fwp%2Fv2%2Fcategories&post=1050"},{"taxonomy":"post_tag","embeddable":true,"href":"https:\/\/delmenhorst.gewweserems.de\/index.php?rest_route=%2Fwp%2Fv2%2Ftags&post=1050"}],"curies":[{"name":"wp","href":"https:\/\/api.w.org\/{rel}","templated":true}]}}