{"id":1062,"date":"2024-01-18T10:25:09","date_gmt":"2024-01-18T09:25:09","guid":{"rendered":"https:\/\/delmenhorst.gewweserems.de\/?p=1062"},"modified":"2024-01-18T10:26:08","modified_gmt":"2024-01-18T09:26:08","slug":"einladung-zur-personalraete-und-vertrauensleutekonferenz","status":"publish","type":"post","link":"https:\/\/delmenhorst.gewweserems.de\/?p=1062","title":{"rendered":"Einladung zur Personalr\u00e4te- und Vertrauensleutekonferenz"},"content":{"rendered":"\n<p><strong>f\u00fcr <\/strong><strong>alle<\/strong><strong> Delmenhorster Schulen, auch Gymnasien und BBS<\/strong><\/p>\n\n\n\n<p>Liebe Kollegin, lieber Kollege,<br><br><strong>hiermit lade ich Sie herzlich zu unserer diesj\u00e4hrigen Personalr\u00e4te- und Vertrauensleutekonferenz ein.<\/strong><\/p>\n\n\n\n<p>Referentinnen sind Sabine Nolte und Melanie Esters (Schulbezirkspersonalrat Osnabr\u00fcck)<\/p>\n\n\n\n<p><strong>Die Schulung findet statt am Freitag, den 09.02.2024<br>in der Zeit von 9.00 Uhr bis ca. 13.00 Uhr<br>&nbsp;im Hotel Thomsen, Bremer Str. 186<\/strong><\/p>\n\n\n\n<p>Folgende Themen stehen in diesem Jahr im Mittelpunkt:<\/p>\n\n\n\n<ul class=\"wp-block-list\">\n<li>Aktuelle Probleme aus dem Schulalltag<\/li>\n\n\n\n<li>Neue Erlasse und Verordnungen<\/li>\n\n\n\n<li>Anhebung der Besoldung<\/li>\n\n\n\n<li>Umsetzung Tarifergebnis<\/li>\n\n\n\n<li>&#8222;Pauschale Beihilfe&#8220; &#8211; Was ist das?<\/li>\n\n\n\n<li>Personalratswahlen<\/li>\n<\/ul>\n\n\n\n<p><br>Die Schulung ist durch das RLSB-OS genehmigt.&nbsp;<br><strong>Als Personalrat beantragen Sie die Freistellung gem\u00e4\u00df \u00a7 40 NPersVG&nbsp; bei Ihrer Schulleitung. Vertrauensleute m\u00fcssen Sonderurlaub gem\u00e4\u00df \u00a7 3 Absatz 1 Satz 3 SOUrlVO beantragen.<\/strong><\/p>\n\n\n\n<p>Alle interessierten Personalvertretungen sind willkommen.<\/p>\n\n\n\n<p><strong>Bitte melden Sie sich bis zum 28.01.2024 an bei der GEW-Gesch\u00e4ftsstelle&nbsp;<\/strong><\/p>\n\n\n\n<p><strong>(<\/strong><a href=\"mailto:elisabeth.uphoff@gewweserems.de\">elisabeth.uphoff@gewweserems.de<\/a><strong>).<\/strong><\/p>\n\n\n\n<p><strong><em>Es gibt diesmal keine Extra-Veranstaltung f\u00fcr Gymnasien und BBS!<\/em><\/strong><\/p>\n\n\n\n<p><strong>Den Abschluss bildet das gemeinsame Mittagessen<\/strong><strong> im Hotel Thomsen.<br><\/strong><\/p>\n\n\n\n<p>Die ausf\u00fchrliche Einladung ist <a href=\"https:\/\/delmenhorst.gewweserems.de\/wp-content\/uploads\/2024\/01\/PR-Schulung-09.02.24-Delmenhorst.pdf\" data-type=\"link\" data-id=\"https:\/\/delmenhorst.gewweserems.de\/wp-content\/uploads\/2024\/01\/PR-Schulung-09.02.24-Delmenhorst.pdf\">hier<\/a> zu finden!<\/p>\n","protected":false},"excerpt":{"rendered":"<div class=\"mh-excerpt\"><p>f\u00fcr alle Delmenhorster Schulen, auch Gymnasien und BBS Liebe Kollegin, lieber Kollege, hiermit lade ich Sie herzlich zu unserer diesj\u00e4hrigen Personalr\u00e4te- und Vertrauensleutekonferenz ein. Referentinnen sind Sabine Nolte und Melanie Esters (Schulbezirkspersonalrat Osnabr\u00fcck) Die Schulung <a class=\"mh-excerpt-more\" href=\"https:\/\/delmenhorst.gewweserems.de\/?p=1062\" title=\"Einladung zur Personalr\u00e4te- und Vertrauensleutekonferenz\">[&#8230;]<\/a><\/p>\n<\/div>","protected":false},"author":5,"featured_media":978,"comment_status":"closed","ping_status":"open","sticky":false,"template":"","format":"standard","meta":{"footnotes":""},"categories":[3],"tags":[],"class_list":{"0":"post-1062","1":"post","2":"type-post","3":"status-publish","4":"format-standard","5":"has-post-thumbnail","7":"category-aktuelles"},"_links":{"self":[{"href":"https:\/\/delmenhorst.gewweserems.de\/index.php?rest_route=\/wp\/v2\/posts\/1062","targetHints":{"allow":["GET"]}}],"collection":[{"href":"https:\/\/delmenhorst.gewweserems.de\/index.php?rest_route=\/wp\/v2\/posts"}],"about":[{"href":"https:\/\/delmenhorst.gewweserems.de\/index.php?rest_route=\/wp\/v2\/types\/post"}],"author":[{"embeddable":true,"href":"https:\/\/delmenhorst.gewweserems.de\/index.php?rest_route=\/wp\/v2\/users\/5"}],"replies":[{"embeddable":true,"href":"https:\/\/delmenhorst.gewweserems.de\/index.php?rest_route=%2Fwp%2Fv2%2Fcomments&post=1062"}],"version-history":[{"count":2,"href":"https:\/\/delmenhorst.gewweserems.de\/index.php?rest_route=\/wp\/v2\/posts\/1062\/revisions"}],"predecessor-version":[{"id":1065,"href":"https:\/\/delmenhorst.gewweserems.de\/index.php?rest_route=\/wp\/v2\/posts\/1062\/revisions\/1065"}],"wp:featuredmedia":[{"embeddable":true,"href":"https:\/\/delmenhorst.gewweserems.de\/index.php?rest_route=\/wp\/v2\/media\/978"}],"wp:attachment":[{"href":"https:\/\/delmenhorst.gewweserems.de\/index.php?rest_route=%2Fwp%2Fv2%2Fmedia&parent=1062"}],"wp:term":[{"taxonomy":"category","embeddable":true,"href":"https:\/\/delmenhorst.gewweserems.de\/index.php?rest_route=%2Fwp%2Fv2%2Fcategories&post=1062"},{"taxonomy":"post_tag","embeddable":true,"href":"https:\/\/delmenhorst.gewweserems.de\/index.php?rest_route=%2Fwp%2Fv2%2Ftags&post=1062"}],"curies":[{"name":"wp","href":"https:\/\/api.w.org\/{rel}","templated":true}]}}