{"id":1073,"date":"2024-06-06T09:05:27","date_gmt":"2024-06-06T07:05:27","guid":{"rendered":"https:\/\/delmenhorst.gewweserems.de\/?p=1073"},"modified":"2024-06-06T09:06:08","modified_gmt":"2024-06-06T07:06:08","slug":"grundschulung-fuer-neu-gewaehlte-personalraete-am-19-august-2024","status":"publish","type":"post","link":"https:\/\/delmenhorst.gewweserems.de\/?p=1073","title":{"rendered":"Grundschulung f\u00fcr neu gew\u00e4hlte Personalr\u00e4te am 19. August 2024"},"content":{"rendered":"\n<p>Liebe Kollegin, lieber Kollege,<\/p>\n\n\n\n<p>hiermit laden wir herzlich ein zu einer Grundschulung f\u00fcr neu gew\u00e4hlte Schulpersonalr\u00e4te.<\/p>\n\n\n\n<p>Die Schulung findet statt am:<\/p>\n\n\n\n<p><strong>Montag, 19. August 2024, <\/strong><strong>Hotel Thomsen, Bremer Str. 186, Delmenhorst<\/strong><\/p>\n\n\n\n<p><strong>Referentinnen: <\/strong>Sabine Nolte und Melanie Esters (Schulbezirkspersonalrat Osnabr\u00fcck)<\/p>\n\n\n\n<p><\/p>\n\n\n\n<p>Die ausf\u00fchrliche Einladung mit Anmeldeinformationen ist <a href=\"https:\/\/delmenhorst.gewweserems.de\/wp-content\/uploads\/2024\/06\/Einladung-Grundschulung-19.08.24-KV-Delmenhorst.pdf\" data-type=\"link\" data-id=\"https:\/\/delmenhorst.gewweserems.de\/wp-content\/uploads\/2024\/06\/Einladung-Grundschulung-19.08.24-KV-Delmenhorst.pdf\">hier<\/a> zu finden.<\/p>\n","protected":false},"excerpt":{"rendered":"<div class=\"mh-excerpt\"><p>Liebe Kollegin, lieber Kollege, hiermit laden wir herzlich ein zu einer Grundschulung f\u00fcr neu gew\u00e4hlte Schulpersonalr\u00e4te. Die Schulung findet statt am: Montag, 19. August 2024, Hotel Thomsen, Bremer Str. 186, Delmenhorst Referentinnen: Sabine Nolte und <a class=\"mh-excerpt-more\" href=\"https:\/\/delmenhorst.gewweserems.de\/?p=1073\" title=\"Grundschulung f\u00fcr neu gew\u00e4hlte Personalr\u00e4te am 19. August 2024\">[&#8230;]<\/a><\/p>\n<\/div>","protected":false},"author":5,"featured_media":978,"comment_status":"closed","ping_status":"open","sticky":false,"template":"","format":"standard","meta":{"footnotes":""},"categories":[3],"tags":[],"class_list":{"0":"post-1073","1":"post","2":"type-post","3":"status-publish","4":"format-standard","5":"has-post-thumbnail","7":"category-aktuelles"},"_links":{"self":[{"href":"https:\/\/delmenhorst.gewweserems.de\/index.php?rest_route=\/wp\/v2\/posts\/1073","targetHints":{"allow":["GET"]}}],"collection":[{"href":"https:\/\/delmenhorst.gewweserems.de\/index.php?rest_route=\/wp\/v2\/posts"}],"about":[{"href":"https:\/\/delmenhorst.gewweserems.de\/index.php?rest_route=\/wp\/v2\/types\/post"}],"author":[{"embeddable":true,"href":"https:\/\/delmenhorst.gewweserems.de\/index.php?rest_route=\/wp\/v2\/users\/5"}],"replies":[{"embeddable":true,"href":"https:\/\/delmenhorst.gewweserems.de\/index.php?rest_route=%2Fwp%2Fv2%2Fcomments&post=1073"}],"version-history":[{"count":2,"href":"https:\/\/delmenhorst.gewweserems.de\/index.php?rest_route=\/wp\/v2\/posts\/1073\/revisions"}],"predecessor-version":[{"id":1076,"href":"https:\/\/delmenhorst.gewweserems.de\/index.php?rest_route=\/wp\/v2\/posts\/1073\/revisions\/1076"}],"wp:featuredmedia":[{"embeddable":true,"href":"https:\/\/delmenhorst.gewweserems.de\/index.php?rest_route=\/wp\/v2\/media\/978"}],"wp:attachment":[{"href":"https:\/\/delmenhorst.gewweserems.de\/index.php?rest_route=%2Fwp%2Fv2%2Fmedia&parent=1073"}],"wp:term":[{"taxonomy":"category","embeddable":true,"href":"https:\/\/delmenhorst.gewweserems.de\/index.php?rest_route=%2Fwp%2Fv2%2Fcategories&post=1073"},{"taxonomy":"post_tag","embeddable":true,"href":"https:\/\/delmenhorst.gewweserems.de\/index.php?rest_route=%2Fwp%2Fv2%2Ftags&post=1073"}],"curies":[{"name":"wp","href":"https:\/\/api.w.org\/{rel}","templated":true}]}}