{"id":1103,"date":"2025-10-14T14:46:38","date_gmt":"2025-10-14T12:46:38","guid":{"rendered":"https:\/\/delmenhorst.gewweserems.de\/?p=1103"},"modified":"2025-10-14T14:47:13","modified_gmt":"2025-10-14T12:47:13","slug":"herbstschulung-fuer-schulpersonalraete-2","status":"publish","type":"post","link":"https:\/\/delmenhorst.gewweserems.de\/?p=1103","title":{"rendered":"Herbstschulung f\u00fcr Schulpersonalr\u00e4te"},"content":{"rendered":"\n<p>Liebe Kolleg*innen,<\/p>\n\n\n\n<p>hiermit laden wir herzlich ein zu unserer diesj\u00e4hrigen&nbsp;<\/p>\n\n\n\n<p><strong>Herbstschulung f\u00fcr Schulpersonalr\u00e4te<\/strong><\/p>\n\n\n\n<p><strong>am Montag, 17.11.25, 9:00-16:00 Uhr<\/strong><\/p>\n\n\n\n<p><strong>Hotel Thomsen, Delmenhorst, Bremer Stra\u00dfe 186<\/strong><\/p>\n\n\n\n<p><strong>Referentinnen: <\/strong>Melanie Esters  (Mitglied der GEW-Fraktion im Schulbezirkspersonalrat (SBPR) bei der RLSB Osnabr\u00fcck) und Melanie Graschtat (Sonderp\u00e4dagogin)<\/p>\n\n\n\n<p><a href=\"https:\/\/delmenhorst.gewweserems.de\/wp-content\/uploads\/2025\/10\/Herbstschulung-17.11.2025-KV-Delmenhorst.pdf\">Hier<\/a> geht es zur ausf\u00fchrlichen Einladung.<\/p>\n","protected":false},"excerpt":{"rendered":"<div class=\"mh-excerpt\"><p>Liebe Kolleg*innen, hiermit laden wir herzlich ein zu unserer diesj\u00e4hrigen&nbsp; Herbstschulung f\u00fcr Schulpersonalr\u00e4te am Montag, 17.11.25, 9:00-16:00 Uhr Hotel Thomsen, Delmenhorst, Bremer Stra\u00dfe 186 Referentinnen: Melanie Esters (Mitglied der GEW-Fraktion im Schulbezirkspersonalrat (SBPR) bei der <a class=\"mh-excerpt-more\" href=\"https:\/\/delmenhorst.gewweserems.de\/?p=1103\" title=\"Herbstschulung f\u00fcr Schulpersonalr\u00e4te\">[&#8230;]<\/a><\/p>\n<\/div>","protected":false},"author":5,"featured_media":1082,"comment_status":"closed","ping_status":"open","sticky":false,"template":"","format":"standard","meta":{"footnotes":""},"categories":[3,1],"tags":[],"class_list":{"0":"post-1103","1":"post","2":"type-post","3":"status-publish","4":"format-standard","5":"has-post-thumbnail","7":"category-aktuelles","8":"category-uncategorized"},"_links":{"self":[{"href":"https:\/\/delmenhorst.gewweserems.de\/index.php?rest_route=\/wp\/v2\/posts\/1103","targetHints":{"allow":["GET"]}}],"collection":[{"href":"https:\/\/delmenhorst.gewweserems.de\/index.php?rest_route=\/wp\/v2\/posts"}],"about":[{"href":"https:\/\/delmenhorst.gewweserems.de\/index.php?rest_route=\/wp\/v2\/types\/post"}],"author":[{"embeddable":true,"href":"https:\/\/delmenhorst.gewweserems.de\/index.php?rest_route=\/wp\/v2\/users\/5"}],"replies":[{"embeddable":true,"href":"https:\/\/delmenhorst.gewweserems.de\/index.php?rest_route=%2Fwp%2Fv2%2Fcomments&post=1103"}],"version-history":[{"count":2,"href":"https:\/\/delmenhorst.gewweserems.de\/index.php?rest_route=\/wp\/v2\/posts\/1103\/revisions"}],"predecessor-version":[{"id":1105,"href":"https:\/\/delmenhorst.gewweserems.de\/index.php?rest_route=\/wp\/v2\/posts\/1103\/revisions\/1105"}],"wp:featuredmedia":[{"embeddable":true,"href":"https:\/\/delmenhorst.gewweserems.de\/index.php?rest_route=\/wp\/v2\/media\/1082"}],"wp:attachment":[{"href":"https:\/\/delmenhorst.gewweserems.de\/index.php?rest_route=%2Fwp%2Fv2%2Fmedia&parent=1103"}],"wp:term":[{"taxonomy":"category","embeddable":true,"href":"https:\/\/delmenhorst.gewweserems.de\/index.php?rest_route=%2Fwp%2Fv2%2Fcategories&post=1103"},{"taxonomy":"post_tag","embeddable":true,"href":"https:\/\/delmenhorst.gewweserems.de\/index.php?rest_route=%2Fwp%2Fv2%2Ftags&post=1103"}],"curies":[{"name":"wp","href":"https:\/\/api.w.org\/{rel}","templated":true}]}}