{"id":72,"date":"2013-11-13T15:37:51","date_gmt":"2013-11-13T15:37:51","guid":{"rendered":"http:\/\/delmenhorst.gewweserems.de\/?p=72"},"modified":"2021-05-14T09:55:26","modified_gmt":"2021-05-14T09:55:26","slug":"goennt-euch-was-zeitung-der-gew-des-kreisverbandes-delmenhorst","status":"publish","type":"post","link":"https:\/\/delmenhorst.gewweserems.de\/?p=72","title":{"rendered":"Referendariat"},"content":{"rendered":"<p><span style=\"font-family: Arial;\">Hier werden in Zukunft Informationen und ggf. Veranstaltungen f\u00fcr Anw\u00e4rterInnen ver\u00f6ffentlicht. W\u00fcnsche gerne an al.rehling@gmx.de senden.<br \/>\n<\/span><\/p>\n","protected":false},"excerpt":{"rendered":"<div class=\"mh-excerpt\"><p>Hier werden in Zukunft Informationen und ggf. Veranstaltungen f\u00fcr Anw\u00e4rterInnen ver\u00f6ffentlicht. W\u00fcnsche gerne an al.rehling@gmx.de senden.<\/p>\n<\/div>","protected":false},"author":4,"featured_media":987,"comment_status":"closed","ping_status":"open","sticky":false,"template":"","format":"standard","meta":{"footnotes":""},"categories":[7],"tags":[],"class_list":{"0":"post-72","1":"post","2":"type-post","3":"status-publish","4":"format-standard","5":"has-post-thumbnail","7":"category-referendariat"},"_links":{"self":[{"href":"https:\/\/delmenhorst.gewweserems.de\/index.php?rest_route=\/wp\/v2\/posts\/72","targetHints":{"allow":["GET"]}}],"collection":[{"href":"https:\/\/delmenhorst.gewweserems.de\/index.php?rest_route=\/wp\/v2\/posts"}],"about":[{"href":"https:\/\/delmenhorst.gewweserems.de\/index.php?rest_route=\/wp\/v2\/types\/post"}],"author":[{"embeddable":true,"href":"https:\/\/delmenhorst.gewweserems.de\/index.php?rest_route=\/wp\/v2\/users\/4"}],"replies":[{"embeddable":true,"href":"https:\/\/delmenhorst.gewweserems.de\/index.php?rest_route=%2Fwp%2Fv2%2Fcomments&post=72"}],"version-history":[{"count":3,"href":"https:\/\/delmenhorst.gewweserems.de\/index.php?rest_route=\/wp\/v2\/posts\/72\/revisions"}],"predecessor-version":[{"id":951,"href":"https:\/\/delmenhorst.gewweserems.de\/index.php?rest_route=\/wp\/v2\/posts\/72\/revisions\/951"}],"wp:featuredmedia":[{"embeddable":true,"href":"https:\/\/delmenhorst.gewweserems.de\/index.php?rest_route=\/wp\/v2\/media\/987"}],"wp:attachment":[{"href":"https:\/\/delmenhorst.gewweserems.de\/index.php?rest_route=%2Fwp%2Fv2%2Fmedia&parent=72"}],"wp:term":[{"taxonomy":"category","embeddable":true,"href":"https:\/\/delmenhorst.gewweserems.de\/index.php?rest_route=%2Fwp%2Fv2%2Fcategories&post=72"},{"taxonomy":"post_tag","embeddable":true,"href":"https:\/\/delmenhorst.gewweserems.de\/index.php?rest_route=%2Fwp%2Fv2%2Ftags&post=72"}],"curies":[{"name":"wp","href":"https:\/\/api.w.org\/{rel}","templated":true}]}}