{"id":96,"date":"2013-11-13T16:47:30","date_gmt":"2013-11-13T16:47:30","guid":{"rendered":"http:\/\/delmenhorst.gewweserems.de\/?p=96"},"modified":"2021-05-14T09:07:36","modified_gmt":"2021-05-14T09:07:36","slug":"presseerklaerungen","status":"publish","type":"post","link":"https:\/\/delmenhorst.gewweserems.de\/?p=96","title":{"rendered":"Presse Presseerkl\u00e4rungen KV Delmenhorst"},"content":{"rendered":"<p><a href=\"https:\/\/delmenhorst.gewweserems.de\/wp-content\/uploads\/2019\/07\/2019-KV-Delmenhorst-Presse-Presseerkl\u00e4rungen5-19-06-08.pdf\">2019 KV Delmenhorst Presse-Presseerkl\u00e4rungen5 19-06-08<\/a><\/p>\n<p><a href=\"https:\/\/delmenhorst.gewweserems.de\/wp-content\/uploads\/2019\/07\/2019-KV-Delmenhorst-Presse-Presseerkl\u00e4rungen4-19-02-25-03-02.pdf\">2019 KV Delmenhorst Presse-Presseerkl\u00e4rungen4 19-02-25 &#8211; 03-02<\/a><\/p>\n<p><a href=\"https:\/\/delmenhorst.gewweserems.de\/wp-content\/uploads\/2019\/07\/2019-KV-Delmenhorst-Presse-Presseerkl\u00e4rungen3-19-02-16-02-22.pdf\">2019 KV Delmenhorst Presse-Presseerkl\u00e4rungen3 19-02-16 &#8211; 02-22<\/a><\/p>\n<p><a href=\"https:\/\/delmenhorst.gewweserems.de\/wp-content\/uploads\/2019\/07\/2019-KV-Delmenhorst-Presse-Presseerkl\u00e4rungen1-19-01-01-02-07.pdf\">2019 KV Delmenhorst Presse-Presseerkl\u00e4rungen2 19-02-08 &#8211; 02-15<\/a><\/p>\n<p><a href=\"https:\/\/delmenhorst.gewweserems.de\/wp-content\/uploads\/2019\/07\/2019-KV-Delmenhorst-Presse-Presseerkl\u00e4rungen1-19-01-01-02-07.pdf\">2019 KV Delmenhorst Presse-Presseerkl\u00e4rungen1 19-01-01 &#8211; 02-07<\/a><\/p>\n<p><a href=\"https:\/\/delmenhorst.gewweserems.de\/wp-content\/uploads\/2018\/10\/2018-Presse-Presseerkl\u00e4rungen-KV-Delmenhorst.pdf\">2018 Presse-Presseerkl\u00e4rungen KV Delmenhorst<\/a><\/p>\n<p><a href=\"https:\/\/delmenhorst.gewweserems.de\/wp-content\/uploads\/2017\/08\/2017-Presse-Presseerkl\u00e4rungen-KV-Delmenhorst.pdf\">2017 Presse-Presseerkl\u00e4rungen KV Delmenhorst<\/a>,<\/p>\n<p><a href=\"https:\/\/delmenhorst.gewweserems.de\/wp-content\/uploads\/2017\/08\/2016-Presse-Presseerkl\u00e4rungen-KV-Delmenhorst.pdf\">2016 Presse-Presseerkl\u00e4rungen KV Delmenhorst<\/a><a href=\"https:\/\/delmenhorst.gewweserems.de\/wp-content\/uploads\/2015\/10\/2015-Presse-KV-Delmenhorst.pdf\">,<\/a><\/p>\n<p><a href=\"https:\/\/delmenhorst.gewweserems.de\/wp-content\/uploads\/2017\/08\/2015-Presse-KV-Delmenhorst.pdf\">2015 Presse KV Delmenhorst,<\/a><\/p>\n<p><a href=\"https:\/\/delmenhorst.gewweserems.de\/wp-content\/uploads\/2015\/04\/2013-Presse-KV-Delmenhorst.odt\">2013 Presse KV Delmenhorst,<\/a><\/p>\n<p><a href=\"https:\/\/delmenhorst.gewweserems.de\/wp-content\/uploads\/2015\/04\/2012-Presseerkl\u00e4rungen-KV-Delmenhorst.doc\">2012 Presseerkl\u00e4rungen KV Delmenhorst<\/a><\/p>\n","protected":false},"excerpt":{"rendered":"<div class=\"mh-excerpt\"><p>2019 KV Delmenhorst Presse-Presseerkl\u00e4rungen5 19-06-08 2019 KV Delmenhorst Presse-Presseerkl\u00e4rungen4 19-02-25 &#8211; 03-02 2019 KV Delmenhorst Presse-Presseerkl\u00e4rungen3 19-02-16 &#8211; 02-22 2019 KV Delmenhorst Presse-Presseerkl\u00e4rungen2 19-02-08 &#8211; 02-15 2019 KV Delmenhorst Presse-Presseerkl\u00e4rungen1 19-01-01 &#8211; 02-07 2018 Presse-Presseerkl\u00e4rungen <a class=\"mh-excerpt-more\" href=\"https:\/\/delmenhorst.gewweserems.de\/?p=96\" title=\"Presse Presseerkl\u00e4rungen KV Delmenhorst\">[&#8230;]<\/a><\/p>\n<\/div>","protected":false},"author":4,"featured_media":965,"comment_status":"closed","ping_status":"open","sticky":false,"template":"","format":"standard","meta":{"footnotes":""},"categories":[6],"tags":[],"class_list":{"0":"post-96","1":"post","2":"type-post","3":"status-publish","4":"format-standard","5":"has-post-thumbnail","7":"category-positionen-presseerklaerungen"},"_links":{"self":[{"href":"https:\/\/delmenhorst.gewweserems.de\/index.php?rest_route=\/wp\/v2\/posts\/96","targetHints":{"allow":["GET"]}}],"collection":[{"href":"https:\/\/delmenhorst.gewweserems.de\/index.php?rest_route=\/wp\/v2\/posts"}],"about":[{"href":"https:\/\/delmenhorst.gewweserems.de\/index.php?rest_route=\/wp\/v2\/types\/post"}],"author":[{"embeddable":true,"href":"https:\/\/delmenhorst.gewweserems.de\/index.php?rest_route=\/wp\/v2\/users\/4"}],"replies":[{"embeddable":true,"href":"https:\/\/delmenhorst.gewweserems.de\/index.php?rest_route=%2Fwp%2Fv2%2Fcomments&post=96"}],"version-history":[{"count":29,"href":"https:\/\/delmenhorst.gewweserems.de\/index.php?rest_route=\/wp\/v2\/posts\/96\/revisions"}],"predecessor-version":[{"id":847,"href":"https:\/\/delmenhorst.gewweserems.de\/index.php?rest_route=\/wp\/v2\/posts\/96\/revisions\/847"}],"wp:featuredmedia":[{"embeddable":true,"href":"https:\/\/delmenhorst.gewweserems.de\/index.php?rest_route=\/wp\/v2\/media\/965"}],"wp:attachment":[{"href":"https:\/\/delmenhorst.gewweserems.de\/index.php?rest_route=%2Fwp%2Fv2%2Fmedia&parent=96"}],"wp:term":[{"taxonomy":"category","embeddable":true,"href":"https:\/\/delmenhorst.gewweserems.de\/index.php?rest_route=%2Fwp%2Fv2%2Fcategories&post=96"},{"taxonomy":"post_tag","embeddable":true,"href":"https:\/\/delmenhorst.gewweserems.de\/index.php?rest_route=%2Fwp%2Fv2%2Ftags&post=96"}],"curies":[{"name":"wp","href":"https:\/\/api.w.org\/{rel}","templated":true}]}}